{"id":923,"date":"2024-04-03T19:29:31","date_gmt":"2024-04-03T17:29:31","guid":{"rendered":"https:\/\/istitutocomprensivoprimosora.edu.it\/scuola\/?p=923"},"modified":"2025-03-10T12:13:34","modified_gmt":"2025-03-10T11:13:34","slug":"2-aprile-giornata-della-consapevolezza-sullautismo","status":"publish","type":"post","link":"https:\/\/istitutocomprensivoprimosora.edu.it\/scuola\/2-aprile-giornata-della-consapevolezza-sullautismo\/","title":{"rendered":"2 Aprile &#8220;Giornata della Consapevolezza sull&#8217;Autismo&#8221;"},"content":{"rendered":"<div dir=\"auto\">Il 2 Aprile si \u00e8 celebrata in tutto il mondo la \u201cGiornata della consapevolezza sull\u2019Autismo\u201d, per richiamare l\u2019attenzione di tutti sui diritti delle persone con spettro autistico.<\/div>\n<div dir=\"auto\">Il Comprensivo 1 Sora, da sempre attento e sensibile alla diversit\u00e0 e all\u2019 inclusione, propone di accendere una luce speciale anche in questa occasione.<\/div>\n<div dir=\"auto\">L&#8217;Istituto, in collaborazione con il comune di Sora, luned\u00ec 8 aprile parteciper\u00e0 con alcune classi della primaria e secondaria di primo grado presso il Parco Valente ad un evento che avr\u00e0 come scopo la promozione, nei confronti di tutta la comunit\u00e0, della consapevolezza sull\u2019autismo attraverso iniziative volte alla sensibilizzazione sul tema delle unicit\u00e0 individuali, favorendo la qualit\u00e0 dell&#8217;inclusione scolastica ma, soprattutto, sociale.<\/div>\n","protected":false},"excerpt":{"rendered":"<p>Il 2 Aprile si \u00e8 celebrata in tutto il mondo la \u201cGiornata della consapevolezza sull\u2019Autismo\u201d, per richiamare l\u2019attenzione di tutti sui diritti delle persone con spettro autistico. Il Comprensivo 1 Sora, da sempre attento e sensibile [&hellip;]<\/p>\n","protected":false},"author":4,"featured_media":921,"comment_status":"closed","ping_status":"open","sticky":false,"template":"","format":"standard","meta":{"footnotes":""},"tags":[525],"class_list":["post-923","post","type-post","status-publish","format-standard","has-post-thumbnail","hentry","tag-notizie","tipologia-articolo-articoli-in-evidenza"],"_links":{"self":[{"href":"https:\/\/istitutocomprensivoprimosora.edu.it\/scuola\/wp-json\/wp\/v2\/posts\/923","targetHints":{"allow":["GET"]}}],"collection":[{"href":"https:\/\/istitutocomprensivoprimosora.edu.it\/scuola\/wp-json\/wp\/v2\/posts"}],"about":[{"href":"https:\/\/istitutocomprensivoprimosora.edu.it\/scuola\/wp-json\/wp\/v2\/types\/post"}],"author":[{"embeddable":true,"href":"https:\/\/istitutocomprensivoprimosora.edu.it\/scuola\/wp-json\/wp\/v2\/users\/4"}],"replies":[{"embeddable":true,"href":"https:\/\/istitutocomprensivoprimosora.edu.it\/scuola\/wp-json\/wp\/v2\/comments?post=923"}],"version-history":[{"count":1,"href":"https:\/\/istitutocomprensivoprimosora.edu.it\/scuola\/wp-json\/wp\/v2\/posts\/923\/revisions"}],"predecessor-version":[{"id":924,"href":"https:\/\/istitutocomprensivoprimosora.edu.it\/scuola\/wp-json\/wp\/v2\/posts\/923\/revisions\/924"}],"wp:featuredmedia":[{"embeddable":true,"href":"https:\/\/istitutocomprensivoprimosora.edu.it\/scuola\/wp-json\/wp\/v2\/media\/921"}],"wp:attachment":[{"href":"https:\/\/istitutocomprensivoprimosora.edu.it\/scuola\/wp-json\/wp\/v2\/media?parent=923"}],"wp:term":[{"taxonomy":"post_tag","embeddable":true,"href":"https:\/\/istitutocomprensivoprimosora.edu.it\/scuola\/wp-json\/wp\/v2\/tags?post=923"}],"curies":[{"name":"wp","href":"https:\/\/api.w.org\/{rel}","templated":true}]}}