{"id":854,"date":"2024-03-12T15:27:23","date_gmt":"2024-03-12T14:27:23","guid":{"rendered":"https:\/\/istitutocomprensivoprimosora.edu.it\/scuola\/?p=854"},"modified":"2025-03-10T12:13:34","modified_gmt":"2025-03-10T11:13:34","slug":"il-comprensivo-1-sora-in-vaticano-per-partecipare-alludienza-generale-con-il-papa-nelle-giornate-del-13-marzo-e-20-marzo","status":"publish","type":"post","link":"https:\/\/istitutocomprensivoprimosora.edu.it\/scuola\/il-comprensivo-1-sora-in-vaticano-per-partecipare-alludienza-generale-con-il-papa-nelle-giornate-del-13-marzo-e-20-marzo\/","title":{"rendered":"Il Comprensivo 1 Sora sar\u00e0 in Vaticano per l&#8217;Udienza Generale con il Papa mercoled\u00ec 13 e mercoled\u00ec 20 marzo 2024"},"content":{"rendered":"<p><a href=\"https:\/\/www.vatican.va\/content\/francesco\/it\/audiences\/2024\/documents\/20240313-udienza-generale.html\">Udienza Generale Piazza San Pietro Mercoled\u00ec, 13 Marzo 2024 <\/a><\/p>\n","protected":false},"excerpt":{"rendered":"<p>Udienza Generale Piazza San Pietro Mercoled\u00ec, 13 Marzo 2024<\/p>\n","protected":false},"author":4,"featured_media":860,"comment_status":"closed","ping_status":"open","sticky":false,"template":"","format":"standard","meta":{"footnotes":""},"tags":[525],"class_list":["post-854","post","type-post","status-publish","format-standard","has-post-thumbnail","hentry","tag-notizie","tipologia-articolo-notizie"],"_links":{"self":[{"href":"https:\/\/istitutocomprensivoprimosora.edu.it\/scuola\/wp-json\/wp\/v2\/posts\/854","targetHints":{"allow":["GET"]}}],"collection":[{"href":"https:\/\/istitutocomprensivoprimosora.edu.it\/scuola\/wp-json\/wp\/v2\/posts"}],"about":[{"href":"https:\/\/istitutocomprensivoprimosora.edu.it\/scuola\/wp-json\/wp\/v2\/types\/post"}],"author":[{"embeddable":true,"href":"https:\/\/istitutocomprensivoprimosora.edu.it\/scuola\/wp-json\/wp\/v2\/users\/4"}],"replies":[{"embeddable":true,"href":"https:\/\/istitutocomprensivoprimosora.edu.it\/scuola\/wp-json\/wp\/v2\/comments?post=854"}],"version-history":[{"count":7,"href":"https:\/\/istitutocomprensivoprimosora.edu.it\/scuola\/wp-json\/wp\/v2\/posts\/854\/revisions"}],"predecessor-version":[{"id":865,"href":"https:\/\/istitutocomprensivoprimosora.edu.it\/scuola\/wp-json\/wp\/v2\/posts\/854\/revisions\/865"}],"wp:featuredmedia":[{"embeddable":true,"href":"https:\/\/istitutocomprensivoprimosora.edu.it\/scuola\/wp-json\/wp\/v2\/media\/860"}],"wp:attachment":[{"href":"https:\/\/istitutocomprensivoprimosora.edu.it\/scuola\/wp-json\/wp\/v2\/media?parent=854"}],"wp:term":[{"taxonomy":"post_tag","embeddable":true,"href":"https:\/\/istitutocomprensivoprimosora.edu.it\/scuola\/wp-json\/wp\/v2\/tags?post=854"}],"curies":[{"name":"wp","href":"https:\/\/api.w.org\/{rel}","templated":true}]}}