{"id":840,"date":"2024-03-06T15:14:21","date_gmt":"2024-03-06T14:14:21","guid":{"rendered":"https:\/\/istitutocomprensivoprimosora.edu.it\/scuola\/?p=840"},"modified":"2025-03-10T12:13:34","modified_gmt":"2025-03-10T11:13:34","slug":"giovedi-7-marzo-adolescenti-e-disturbi-del-comportamento-alimentare-associazione-a-n-c-a","status":"publish","type":"post","link":"https:\/\/istitutocomprensivoprimosora.edu.it\/scuola\/giovedi-7-marzo-adolescenti-e-disturbi-del-comportamento-alimentare-associazione-a-n-c-a\/","title":{"rendered":"GIOVEDI&#8217; 7 MARZO- Adolescenti e disturbi del comportamento alimentare (associazione A.N.C.A)"},"content":{"rendered":"<p>Nell&#8217;ambito del progetto di Educazione Civica di cui\u00a0 le docenti De Benedictis Ilaria e Scarpetta Sara sono referenti, si inserisce il progetto presentato dall&#8217;associazione A.N.C.A. sui disturbi del comportamento alimentare\u00a0 con il patrocinio del Comune di Sora, rivolto alle classi prime della SSIG.\u00a0 Il giorno 30 novembre 2023 la SSIG ha ospitato i referenti dell&#8217;associazione, Dott. Donato Tocci- Psicologo\/Psicoterapeuta e la Dott.ssa Francesca Tersigni- Dietista\/Nutrizionista,\u00a0 per il primo incontro mentre il secondo incontro si svolger\u00e0 gioved\u00ec 7 marzo e sar\u00e0\u00a0 sempre\u00a0 rivolto alle stesse classi.<\/p>\n","protected":false},"excerpt":{"rendered":"<p>Nell&#8217;ambito del progetto di Educazione Civica di cui\u00a0 le docenti De Benedictis Ilaria e Scarpetta Sara sono referenti, si inserisce il progetto presentato dall&#8217;associazione A.N.C.A. sui disturbi del comportamento alimentare\u00a0 con il patrocinio del Comune di [&hellip;]<\/p>\n","protected":false},"author":4,"featured_media":839,"comment_status":"closed","ping_status":"open","sticky":false,"template":"","format":"standard","meta":{"footnotes":""},"tags":[525],"class_list":["post-840","post","type-post","status-publish","format-standard","has-post-thumbnail","hentry","tag-notizie","tipologia-articolo-articoli-in-evidenza"],"_links":{"self":[{"href":"https:\/\/istitutocomprensivoprimosora.edu.it\/scuola\/wp-json\/wp\/v2\/posts\/840","targetHints":{"allow":["GET"]}}],"collection":[{"href":"https:\/\/istitutocomprensivoprimosora.edu.it\/scuola\/wp-json\/wp\/v2\/posts"}],"about":[{"href":"https:\/\/istitutocomprensivoprimosora.edu.it\/scuola\/wp-json\/wp\/v2\/types\/post"}],"author":[{"embeddable":true,"href":"https:\/\/istitutocomprensivoprimosora.edu.it\/scuola\/wp-json\/wp\/v2\/users\/4"}],"replies":[{"embeddable":true,"href":"https:\/\/istitutocomprensivoprimosora.edu.it\/scuola\/wp-json\/wp\/v2\/comments?post=840"}],"version-history":[{"count":4,"href":"https:\/\/istitutocomprensivoprimosora.edu.it\/scuola\/wp-json\/wp\/v2\/posts\/840\/revisions"}],"predecessor-version":[{"id":844,"href":"https:\/\/istitutocomprensivoprimosora.edu.it\/scuola\/wp-json\/wp\/v2\/posts\/840\/revisions\/844"}],"wp:featuredmedia":[{"embeddable":true,"href":"https:\/\/istitutocomprensivoprimosora.edu.it\/scuola\/wp-json\/wp\/v2\/media\/839"}],"wp:attachment":[{"href":"https:\/\/istitutocomprensivoprimosora.edu.it\/scuola\/wp-json\/wp\/v2\/media?parent=840"}],"wp:term":[{"taxonomy":"post_tag","embeddable":true,"href":"https:\/\/istitutocomprensivoprimosora.edu.it\/scuola\/wp-json\/wp\/v2\/tags?post=840"}],"curies":[{"name":"wp","href":"https:\/\/api.w.org\/{rel}","templated":true}]}}