{"id":2766,"date":"2026-03-13T13:49:34","date_gmt":"2026-03-13T12:49:34","guid":{"rendered":"https:\/\/istitutocomprensivoprimosora.edu.it\/scuola\/?p=2766"},"modified":"2026-03-13T13:51:43","modified_gmt":"2026-03-13T12:51:43","slug":"conosciamo-le-paralimpiadi-con-lic-1-sora","status":"publish","type":"post","link":"https:\/\/istitutocomprensivoprimosora.edu.it\/scuola\/conosciamo-le-paralimpiadi-con-lic-1-sora\/","title":{"rendered":"Conosciamo le PARALIMPIADI con l&#8217;IC &#8220;1 SORA&#8221;"},"content":{"rendered":"<p>Il Presidente del Comitato Paralimpico Regione Lazio Giuseppe Andreana ed il delegato provinciale Cristiano De Poli hanno incontrato le ragazze ed i ragazzi delle classi prime della SSIG &#8220;Rosati&#8221; e delle classi V della Scuola Primaria &#8220;Carbone&#8221; dell&#8217;istituto Comprensivo &#8220;1 Sora&#8221; per parlare delle Paralimpiadi.<br \/>\nUnitamente ad un excursus storico dalle origini di esse ad oggi che ci ha proiettato in un significativo quanto emozionante mondo un po&#8217; sconosciuto, hanno spiegato il significato della parola &#8220;paralimpiade&#8221; e le modalit\u00e0 di effettuazione delle attivit\u00e0 sportive praticate dagli atleti con disabilit\u00e0 accentuando l&#8217;importanza della valorizzazione delle attitudini e delle potenzialit\u00e0 di ciascuno di noi piuttosto che soffermarsi sulle eventuali &#8220;mancanze&#8221; fisiche, sensoriali o intellettive relazionali.<br \/>\nIl Presidente del CIP ed il delegato hanno interagito amorevolmente con i ragazzi permettendo loro di fare tante domande e colmare molti loro dubbi e perplessit\u00e0.<br \/>\nAbbiamo trascorso una mattinata di grande valore educativo e siamo veramente grati agli intervenuti.<br \/>\nUn grazie va anche ai rappresentanti delle Istituzioni presenti, l&#8217;On. Pasquale Ciacciarelli, Ass. Regione Lazio, per l&#8217;ATP di Frosinone la Dott.ssa Tuzi che ha portato i saluti della Dirigente Laura Superchi, per il Comune di Sora, sempre vicini alle nostre iniziative l&#8217;Ass. Maltese Naike e l&#8217;Ass. Salvatore Lombardi ed il Cons. Lino Caschera. I saluti ci sono pervenuti anche dal Dott. Fabio Caiazzo di Sport e Salute.<br \/>\nL&#8217;occasione ci ha permesso anche di parlare con i convenuti del nuovo corso &#8220;a Curvatura sportiva&#8221; che avr\u00e0 inizio nella nostra SSIG &#8220;Rosati&#8221; nell&#8217; a.s. 2026-27 e che vedr\u00e0 coinvolti oltre venti alunni della classe prima.<br \/>\nGiornata da ricordare<\/p>\n<p><a href=\"https:\/\/www.facebook.com\/share\/p\/1SuMnijtyq\/\">FOTO<\/a><\/p>\n<p><a href=\"https:\/\/www.facebook.com\/share\/p\/1AdLH1t111\/\">servizio da RADIO DOLCEMUSICA<\/a><\/p>\n","protected":false},"excerpt":{"rendered":"<p>Il Presidente del Comitato Paralimpico Regione Lazio Giuseppe Andreana ed il delegato provinciale Cristiano De Poli hanno incontrato le ragazze ed i ragazzi delle classi prime della SSIG &#8220;Rosati&#8221; e delle classi V della Scuola Primaria [&hellip;]<\/p>\n","protected":false},"author":4,"featured_media":2767,"comment_status":"closed","ping_status":"open","sticky":false,"template":"","format":"standard","meta":{"footnotes":""},"tags":[],"class_list":["post-2766","post","type-post","status-publish","format-standard","has-post-thumbnail","hentry","tipologia-articolo-notizie"],"_links":{"self":[{"href":"https:\/\/istitutocomprensivoprimosora.edu.it\/scuola\/wp-json\/wp\/v2\/posts\/2766","targetHints":{"allow":["GET"]}}],"collection":[{"href":"https:\/\/istitutocomprensivoprimosora.edu.it\/scuola\/wp-json\/wp\/v2\/posts"}],"about":[{"href":"https:\/\/istitutocomprensivoprimosora.edu.it\/scuola\/wp-json\/wp\/v2\/types\/post"}],"author":[{"embeddable":true,"href":"https:\/\/istitutocomprensivoprimosora.edu.it\/scuola\/wp-json\/wp\/v2\/users\/4"}],"replies":[{"embeddable":true,"href":"https:\/\/istitutocomprensivoprimosora.edu.it\/scuola\/wp-json\/wp\/v2\/comments?post=2766"}],"version-history":[{"count":3,"href":"https:\/\/istitutocomprensivoprimosora.edu.it\/scuola\/wp-json\/wp\/v2\/posts\/2766\/revisions"}],"predecessor-version":[{"id":2771,"href":"https:\/\/istitutocomprensivoprimosora.edu.it\/scuola\/wp-json\/wp\/v2\/posts\/2766\/revisions\/2771"}],"wp:featuredmedia":[{"embeddable":true,"href":"https:\/\/istitutocomprensivoprimosora.edu.it\/scuola\/wp-json\/wp\/v2\/media\/2767"}],"wp:attachment":[{"href":"https:\/\/istitutocomprensivoprimosora.edu.it\/scuola\/wp-json\/wp\/v2\/media?parent=2766"}],"wp:term":[{"taxonomy":"post_tag","embeddable":true,"href":"https:\/\/istitutocomprensivoprimosora.edu.it\/scuola\/wp-json\/wp\/v2\/tags?post=2766"}],"curies":[{"name":"wp","href":"https:\/\/api.w.org\/{rel}","templated":true}]}}