{"id":1971,"date":"2025-02-17T19:13:40","date_gmt":"2025-02-17T18:13:40","guid":{"rendered":"https:\/\/istitutocomprensivoprimosora.edu.it\/scuola\/?p=1971"},"modified":"2025-03-11T19:23:46","modified_gmt":"2025-03-11T18:23:46","slug":"17-22-febbraio-undicesima-edizione-libriamoci","status":"publish","type":"post","link":"https:\/\/istitutocomprensivoprimosora.edu.it\/scuola\/17-22-febbraio-undicesima-edizione-libriamoci\/","title":{"rendered":"17-22 Febbraio: undicesima edizione LIBRIAMOCI"},"content":{"rendered":"<p>Nell&#8217;ambito del Progetto d&#8217;Istituto Festival delle Idee, tutte le classi della Scuola Primaria &#8220;A. Carbone&#8221; dell&#8217;I.C. &#8220;1 Sora&#8221; promuovono iniziative ed eventi che pongono al centro la LETTURA declinata in molteplici modalit\u00e0: letture ad alta voce, letture animate, letture drammatizzate, melologhi. Da sempre la lettura \u00e8 al centro dei progetti curriculari ed extracurriculari del nostro Istituto, pienamente consapevoli del valore altamente formativo della lettura sotto tanti aspetti: introspettivo e critico rispetto alla realt\u00e0 in cui siamo calati, creativo ed estetico, linguistico e culturale.<br \/>\nLe varie interclassi dalla prima alla quarta saranno coinvolte in iniziative di lettura in classe, nella biblioteca scolastica, nel giardino della scuola, in continuit\u00e0 con il plesso della Scuola dell&#8217;Infanzia, in collaborazione con la biblioteca comunale e le librerie del territorio fino al Maggio dei Libri. Le letture svilupperanno riflessioni su tutti i filoni del tema istituzionale di quest&#8217;anno.<br \/>\nLeggere per intelleg(g)ere, cio\u00e8 per entrare dentro s\u00e9 stessi alla scoperta delle proprie emozioni (intelleggo dunque sono), per sperimentare con creativit\u00e0 (intelleggo dunque sento), esplorare il mondo e viverlo con consapevolezza e protagonismo (intelleggo dunque faccio).<br \/>\n\u201cSe vuoi che i tuoi figli diventino intelligenti, leggi loro favole. Se vuoi che siano pi\u00f9 intelligenti, leggi loro pi\u00f9 favole.\u201d (A. Einstein)<br \/>\n&#8230;dunque INTELLEG(G)IAMO!<img loading=\"lazy\" decoding=\"async\" class=\"size-medium wp-image-1972 alignright\" src=\"http:\/\/istitutocomprensivoprimosora.edu.it\/scuola\/wp-content\/uploads\/2025\/03\/WhatsApp-Image-2025-03-11-at-19.13.30-212x300.jpeg\" alt=\"\" width=\"212\" height=\"300\" srcset=\"https:\/\/istitutocomprensivoprimosora.edu.it\/scuola\/wp-content\/uploads\/2025\/03\/WhatsApp-Image-2025-03-11-at-19.13.30-212x300.jpeg 212w, https:\/\/istitutocomprensivoprimosora.edu.it\/scuola\/wp-content\/uploads\/2025\/03\/WhatsApp-Image-2025-03-11-at-19.13.30-724x1024.jpeg 724w, https:\/\/istitutocomprensivoprimosora.edu.it\/scuola\/wp-content\/uploads\/2025\/03\/WhatsApp-Image-2025-03-11-at-19.13.30-768x1087.jpeg 768w, https:\/\/istitutocomprensivoprimosora.edu.it\/scuola\/wp-content\/uploads\/2025\/03\/WhatsApp-Image-2025-03-11-at-19.13.30-177x250.jpeg 177w, https:\/\/istitutocomprensivoprimosora.edu.it\/scuola\/wp-content\/uploads\/2025\/03\/WhatsApp-Image-2025-03-11-at-19.13.30.jpeg 1080w\" sizes=\"auto, (max-width: 212px) 100vw, 212px\" \/><\/p>\n","protected":false},"excerpt":{"rendered":"<p>Nell&#8217;ambito del Progetto d&#8217;Istituto Festival delle Idee, tutte le classi della Scuola Primaria &#8220;A. Carbone&#8221; dell&#8217;I.C. &#8220;1 Sora&#8221; promuovono iniziative ed eventi che pongono al centro la LETTURA declinata in molteplici modalit\u00e0: letture ad alta voce, [&hellip;]<\/p>\n","protected":false},"author":4,"featured_media":1972,"comment_status":"closed","ping_status":"open","sticky":false,"template":"","format":"standard","meta":{"footnotes":""},"tags":[],"class_list":["post-1971","post","type-post","status-publish","format-standard","has-post-thumbnail","hentry","tipologia-articolo-articoli-in-evidenza"],"_links":{"self":[{"href":"https:\/\/istitutocomprensivoprimosora.edu.it\/scuola\/wp-json\/wp\/v2\/posts\/1971","targetHints":{"allow":["GET"]}}],"collection":[{"href":"https:\/\/istitutocomprensivoprimosora.edu.it\/scuola\/wp-json\/wp\/v2\/posts"}],"about":[{"href":"https:\/\/istitutocomprensivoprimosora.edu.it\/scuola\/wp-json\/wp\/v2\/types\/post"}],"author":[{"embeddable":true,"href":"https:\/\/istitutocomprensivoprimosora.edu.it\/scuola\/wp-json\/wp\/v2\/users\/4"}],"replies":[{"embeddable":true,"href":"https:\/\/istitutocomprensivoprimosora.edu.it\/scuola\/wp-json\/wp\/v2\/comments?post=1971"}],"version-history":[{"count":1,"href":"https:\/\/istitutocomprensivoprimosora.edu.it\/scuola\/wp-json\/wp\/v2\/posts\/1971\/revisions"}],"predecessor-version":[{"id":1973,"href":"https:\/\/istitutocomprensivoprimosora.edu.it\/scuola\/wp-json\/wp\/v2\/posts\/1971\/revisions\/1973"}],"wp:featuredmedia":[{"embeddable":true,"href":"https:\/\/istitutocomprensivoprimosora.edu.it\/scuola\/wp-json\/wp\/v2\/media\/1972"}],"wp:attachment":[{"href":"https:\/\/istitutocomprensivoprimosora.edu.it\/scuola\/wp-json\/wp\/v2\/media?parent=1971"}],"wp:term":[{"taxonomy":"post_tag","embeddable":true,"href":"https:\/\/istitutocomprensivoprimosora.edu.it\/scuola\/wp-json\/wp\/v2\/tags?post=1971"}],"curies":[{"name":"wp","href":"https:\/\/api.w.org\/{rel}","templated":true}]}}